{"id":5,"date":"2023-06-28T15:29:01","date_gmt":"2023-06-28T18:29:01","guid":{"rendered":"http:\/\/ideaes.com.br\/?p=5"},"modified":"2023-06-28T15:29:01","modified_gmt":"2023-06-28T18:29:01","slug":"construindo-um-futuro-melhor-para-mato-grosso","status":"publish","type":"post","link":"https:\/\/ideaes.com.br\/?p=5","title":{"rendered":"Construindo um futuro melhor para Mato Grosso"},"content":{"rendered":"<h2>O Instituto IDEAES est\u00e1 transformando Mato Grosso<\/h2>\n<p>Com o compromisso de promover o desenvolvimento econ\u00f4mico, educacional, social, cultural e ambiental, o Instituto IDEAES tem se destacado como um verdadeiro agente de transforma\u00e7\u00e3o em nosso estado. Atrav\u00e9s da mobiliza\u00e7\u00e3o de recursos humanos e materiais, elabora\u00e7\u00e3o e fiscaliza\u00e7\u00e3o de projetos de engenharia, e capta\u00e7\u00e3o de investimentos financeiros, estamos construindo um futuro melhor para Mato Grosso.<\/p>\n<h2>Mobilidade urbana e sustentabilidade<\/h2>\n<p>Um dos nossos principais focos de atua\u00e7\u00e3o \u00e9 a \u00e1rea de mobilidade urbana. Acreditamos que uma cidade bem planejada e acess\u00edvel a todos \u00e9 fundamental para o desenvolvimento social e econ\u00f4mico. Por isso, estamos trabalhando em projetos que visam melhorar o transporte p\u00fablico, incentivar o uso de meios de transporte sustent\u00e1veis e promover a integra\u00e7\u00e3o entre diferentes modais de transporte.<\/p>\n<p>Al\u00e9m disso, tamb\u00e9m estamos engajados em iniciativas que visam preservar o meio ambiente e promover a sustentabilidade. Estamos apoiando projetos de reciclagem, conserva\u00e7\u00e3o de recursos naturais e conscientiza\u00e7\u00e3o ambiental, para garantir um futuro mais verde e saud\u00e1vel para as pr\u00f3ximas gera\u00e7\u00f5es.<\/p>\n<h2>Empreendimentos p\u00fablicos e privados<\/h2>\n<p>O Instituto IDEAES tamb\u00e9m atua no apoio a empreendimentos p\u00fablicos e privados. Atrav\u00e9s da elabora\u00e7\u00e3o e acompanhamento de projetos de viabilidade econ\u00f4mica e financeira, estamos contribuindo para o crescimento de neg\u00f3cios locais e para a gera\u00e7\u00e3o de empregos em nossa regi\u00e3o.<\/p>\n<p>Al\u00e9m disso, estamos em constante busca por parcerias e investimentos para viabilizar empreendimentos inovadores e de impacto social. Estamos abertos a colaborar com empresas e empreendedores que compartilhem dos nossos valores e desejem contribuir para um futuro melhor para Mato Grosso.<\/p>\n","protected":false},"excerpt":{"rendered":"<p>O Instituto IDEAES est\u00e1 transformando Mato Grosso Com o compromisso de promover o desenvolvimento econ\u00f4mico, educacional, social, cultural e ambiental, o Instituto IDEAES tem se destacado como um verdadeiro agente de transforma\u00e7\u00e3o em nosso estado. Atrav\u00e9s da mobiliza\u00e7\u00e3o de recursos humanos e materiais, elabora\u00e7\u00e3o e fiscaliza\u00e7\u00e3o de projetos de engenharia, e capta\u00e7\u00e3o de investimentos financeiros, [&hellip;]<\/p>\n","protected":false},"author":1,"featured_media":0,"comment_status":"open","ping_status":"open","sticky":false,"template":"","format":"standard","meta":{"footnotes":""},"categories":[1],"tags":[],"class_list":["post-5","post","type-post","status-publish","format-standard","hentry","category-blog"],"_links":{"self":[{"href":"https:\/\/ideaes.com.br\/index.php?rest_route=\/wp\/v2\/posts\/5","targetHints":{"allow":["GET"]}}],"collection":[{"href":"https:\/\/ideaes.com.br\/index.php?rest_route=\/wp\/v2\/posts"}],"about":[{"href":"https:\/\/ideaes.com.br\/index.php?rest_route=\/wp\/v2\/types\/post"}],"author":[{"embeddable":true,"href":"https:\/\/ideaes.com.br\/index.php?rest_route=\/wp\/v2\/users\/1"}],"replies":[{"embeddable":true,"href":"https:\/\/ideaes.com.br\/index.php?rest_route=%2Fwp%2Fv2%2Fcomments&post=5"}],"version-history":[{"count":0,"href":"https:\/\/ideaes.com.br\/index.php?rest_route=\/wp\/v2\/posts\/5\/revisions"}],"wp:attachment":[{"href":"https:\/\/ideaes.com.br\/index.php?rest_route=%2Fwp%2Fv2%2Fmedia&parent=5"}],"wp:term":[{"taxonomy":"category","embeddable":true,"href":"https:\/\/ideaes.com.br\/index.php?rest_route=%2Fwp%2Fv2%2Fcategories&post=5"},{"taxonomy":"post_tag","embeddable":true,"href":"https:\/\/ideaes.com.br\/index.php?rest_route=%2Fwp%2Fv2%2Ftags&post=5"}],"curies":[{"name":"wp","href":"https:\/\/api.w.org\/{rel}","templated":true}]}}